{"id":943,"date":"2021-11-09T17:50:03","date_gmt":"2021-11-09T17:50:03","guid":{"rendered":"https:\/\/holaextremundo.com\/?p=943"},"modified":"2021-11-09T18:25:56","modified_gmt":"2021-11-09T18:25:56","slug":"como-elaborar-un-proyecto-social-guia","status":"publish","type":"post","link":"https:\/\/holaextremundo.com\/en\/como-elaborar-un-proyecto-social-guia\/","title":{"rendered":"C\u00f3mo elaborar un proyecto social (gu\u00eda)"},"content":{"rendered":"<p>Quieres desarrollar un proyecto social pero no sabes por d\u00f3nde empezar. Tienes una inquietud, hay una realidad y te gustar\u00eda cambiarla. Es signo de que ya has dado el primer paso. <\/p>\n\n\n\n<h2 class=\"wp-block-heading\">\u00bfC\u00f3mo empezar el desarrollo de proyectos sociales?<\/h2>\n\n\n\n<p>Una vez que sabes lo que quieres, solo tienes que plasmar tus ideas e implementarlas. Si tienes claro lo que quieres cambiar, \u00a1bravo! Ya estar\u00edamos hablando de un proyecto.<\/p>\n\n\n\n<h2 class=\"wp-block-heading\">\u00bfCu\u00e1les son las distintas fases de los proyectos sociales?<\/h2>\n\n\n\n<ul class=\"wp-block-list\"><li>Idea de proyecto: se detectan las necesidades en un lugar concreto y surge una idea para cambiar algo en el entorno<\/li><li>Dise\u00f1o del proyecto: se dan forma a las ideas y se establecen las funciones de cada uno de los socios.<\/li><li>Elaboraci\u00f3n del proyecto: se basa principalmente en la elaboraci\u00f3n de memorias y organizaci\u00f3n de los aspectos t\u00e9cnicos<\/li><li>Implementaci\u00f3n del proyecto: desarrollo del proyecto, se lleva a cabo todo lo ideado en los pasos anteriores<\/li><li>Evaluaci\u00f3n del proyecto: se valora todo lo realizado y se realiza un an\u00e1lisis que ayude a mejorar de cara a futuros proyectos<\/li><\/ul>\n\n\n\n<h2 class=\"wp-block-heading\">Preguntas clave en la elaboraci\u00f3n de proyectos<\/h2>\n\n\n\n<p>Las preguntas clave que debe responder un proyecto para que su desarrollo sea un \u00e9xito es el siguiente:<\/p>\n\n\n\n<ul class=\"wp-block-list\"><li>\u00bfQui\u00e9nes forman parte del equipo responsable?<\/li><li>\u00bfQu\u00e9 denominaci\u00f3n tiene el proyecto y qu\u00e9 objetivos pretende?<\/li><li>\u00bfD\u00f3nde se va a desarrollar?<\/li><li>\u00bfPara qui\u00e9nes van dirigidas las actividades (beneficiarios)<\/li><li>\u00bfPor qu\u00e9 se realiza y para qu\u00e9 (justificaci\u00f3n del proyecto)?<\/li><li>\u00bfC\u00f3mo se va a llevar a cabo? \u00bfQu\u00e9 actividades y qu\u00e9 procedimientos incorporar\u00e1?<\/li><li>\u00bfCu\u00e1ndo se va a desarrollar? Para ello, puede resultar \u00fatil un cronograma<\/li><li>\u00bfCon qu\u00e9 recursos contamos? Presupuesto, Recursos Humanos y Materiales<\/li><\/ul>\n\n\n\n<p><img decoding=\"async\" alt=\"Preguntas para responder el proyecto | Desarrollo Comunitario\" src=\"https:\/\/lh3.googleusercontent.com\/iPixBSKxT-znoCW0yQ509Y2i2eUkXubVqBifMmFrWMakfvucZv82PU_PsrRtFljzsSuGBTjNFn-5zpn1a9ueh0_uIIA7krtj_L9K0WPfCZfwLv9fnD24iQ4dO_JncJaX9ezTHTQ\" width=\"567\" height=\"744.0936897993088\"><\/p>\n\n\n\n<h2 class=\"wp-block-heading\">C\u00f3mo detectar las necesidades de nuestro entorno<\/h2>\n\n\n\n<p>El motor principal de nuestro proyecto ser\u00e1 siempre la detecci\u00f3n de una necesidad y la investigaci\u00f3n social ser\u00e1 nuestra principal fuente de informaci\u00f3n que nos ayudar\u00e1 a conocer si, dada una cierta problem\u00e1tica, existe evidencia cient\u00edfica de qu\u00e9 factores son la causa y plantear alternativas a su resoluci\u00f3n.<\/p>\n\n\n\n<h2 class=\"wp-block-heading\">C\u00f3mo realizar estudios que apoyen nuestros proyectos sociales<\/h2>\n\n\n\n<p>En cualquier caso, si la evidencia cient\u00edfica es escasa o si se refiere a realiades (sociales, territoriales&#8230;) muy distintas a la que nos ocupa, habr\u00e1 que perseverar en el intento de establecer cu\u00e1les son los factores que pueden estar causando la problem\u00e1tica: estudiando los informes que la Administraci\u00f3n haya podido elaborar sobre el problema, recogiendo la opini\u00f3n de expertos, pol\u00edticos, gestores, proveedores directos de los servicios y, si fuera necesario, de los propios afectados, etc<\/p>\n\n\n\n<p>Tambi\u00e9n podemos realizar un estudio de necesidades utilizando herramientas como la encuesta y el mapeo participativo. <\/p>\n\n\n\n<h2 class=\"wp-block-heading\">Recursos para desarrollar proyectos sociales<\/h2>\n\n\n\n<p>Os dejamos aqu\u00ed una serie de enlaces que os podr\u00e1n ayudar para vuestros proyectos.<\/p>\n\n\n\n<p><a href=\"https:\/\/my-cms.rotary.org\/es\/document\/community-assessment-tools\" target=\"_blank\" rel=\"noreferrer noopener\">Recursos para evaluar las necesidades de la comunidad<\/a><\/p>\n\n\n\n<p><a href=\"https:\/\/www.dgfc.sepg.hacienda.gob.es\/sitios\/dgfc\/es-ES\/ipr\/fcp1420\/e\/Documents\/Guia2_Evaluacion_necesidades_sociales_ivalua.pdf\" target=\"_blank\" rel=\"noreferrer noopener\">Gu\u00eda Pr\u00e1ctica de Evaluaci\u00f3n de necesidades sociales<\/a><\/p>\n\n\n\n<p>Aunque de inicio parece complicado no os preocup\u00e9is porque la elaboraci\u00f3n de proyectos es solo empezar. Y a partir de ah\u00ed, a desarrollar proyectos que logren realmente ese impacto social.<\/p>\n\n\n\n<p>Desde la Asociaci\u00f3n Extremundo os animamos a lanzar vuestros propios proyectos y a cambiar la realidad que no os gusta. Sed el cambio que quer\u00e9is ver en el mundo.<\/p>","protected":false},"excerpt":{"rendered":"<p>C\u00f3mo elaborar proyectos sociales. \u00bfCu\u00e1les son sus distintas fases y c\u00f3mo empezar a desarrollarlos?<\/p>","protected":false},"author":4,"featured_media":945,"comment_status":"open","ping_status":"closed","sticky":false,"template":"","format":"standard","meta":{"neve_meta_sidebar":"","neve_meta_container":"","neve_meta_enable_content_width":"","neve_meta_content_width":0,"neve_meta_title_alignment":"","neve_meta_author_avatar":"","neve_post_elements_order":"","neve_meta_disable_header":"","neve_meta_disable_footer":"","neve_meta_disable_title":"","_vp_format_video_url":"","_vp_image_focal_point":[],"footnotes":""},"categories":[16],"tags":[],"class_list":["post-943","post","type-post","status-publish","format-standard","has-post-thumbnail","hentry","category-proyectos"],"_links":{"self":[{"href":"https:\/\/holaextremundo.com\/en\/wp-json\/wp\/v2\/posts\/943","targetHints":{"allow":["GET"]}}],"collection":[{"href":"https:\/\/holaextremundo.com\/en\/wp-json\/wp\/v2\/posts"}],"about":[{"href":"https:\/\/holaextremundo.com\/en\/wp-json\/wp\/v2\/types\/post"}],"author":[{"embeddable":true,"href":"https:\/\/holaextremundo.com\/en\/wp-json\/wp\/v2\/users\/4"}],"replies":[{"embeddable":true,"href":"https:\/\/holaextremundo.com\/en\/wp-json\/wp\/v2\/comments?post=943"}],"version-history":[{"count":2,"href":"https:\/\/holaextremundo.com\/en\/wp-json\/wp\/v2\/posts\/943\/revisions"}],"predecessor-version":[{"id":946,"href":"https:\/\/holaextremundo.com\/en\/wp-json\/wp\/v2\/posts\/943\/revisions\/946"}],"wp:featuredmedia":[{"embeddable":true,"href":"https:\/\/holaextremundo.com\/en\/wp-json\/wp\/v2\/media\/945"}],"wp:attachment":[{"href":"https:\/\/holaextremundo.com\/en\/wp-json\/wp\/v2\/media?parent=943"}],"wp:term":[{"taxonomy":"category","embeddable":true,"href":"https:\/\/holaextremundo.com\/en\/wp-json\/wp\/v2\/categories?post=943"},{"taxonomy":"post_tag","embeddable":true,"href":"https:\/\/holaextremundo.com\/en\/wp-json\/wp\/v2\/tags?post=943"}],"curies":[{"name":"wp","href":"https:\/\/api.w.org\/{rel}","templated":true}]}}