{"id":86,"date":"2020-01-13T11:13:21","date_gmt":"2020-01-13T11:13:21","guid":{"rendered":"https:\/\/demosites.io\/web-agency\/?p=8"},"modified":"2021-11-09T17:50:41","modified_gmt":"2021-11-09T17:50:41","slug":"web-design-trends-for-2020","status":"publish","type":"post","link":"https:\/\/holaextremundo.com\/en\/web-design-trends-for-2020\/","title":{"rendered":"C\u00f3mo llevar las Redes Sociales de una asociaci\u00f3n"},"content":{"rendered":"<p>Uno de los retos a los que se enfrenta una asociaci\u00f3n cuando est\u00e1 empezando es darse a conocer. Para ello, uno de los mejores medios son las Redes Sociales. Son una herramienta perfecta especialmente si tu p\u00fablico es de otras ciudades, regiones o pa\u00edses. Por ejemplo, las asociaciones que participan en el proyecto Erasmus, con proyectos que involucran a distintos pa\u00edses, pueden comunicarse con sus socios, participantes\u00a0y miembros de su asociaci\u00f3n. En definitiva, una presencia activa en Redes Sociales da una buena imagen de la asociaci\u00f3n y permite informar de la actualidad de la asociaci\u00f3n<\/p>\n\n\n\n<h2 class=\"wp-block-heading\">Qu\u00e9 Red Social debe tener tu asociaci\u00f3n<\/h2>\n\n\n\n<p>Es fundamental elegir bien en qu\u00e9 Red Social tener presencia. Aunque parezca una decisi\u00f3n f\u00e1cil, cada a\u00f1o surgen nuevas Redes Sociales y los usuarios se trasladan de unas redes a otras. Puede ser que la Red Social del momento sea Instagram o Tik Tok, pero dentro de un a\u00f1o haya surgido una nueva Red Social con un formato completamente distinto y que \u00abdesbanque\u00bb a las anteriores. O puede ser que elijamos Facebook como red principal, pero la mayor\u00eda de nuestro p\u00fablico est\u00e9 en Tik Tok<\/p>\n\n\n\n<p><br>A d\u00eda de hoy, Instagram y Facebook, son las redes m\u00e1s estandarizadas y m\u00e1s internacionales en todos los segmentos de poblaci\u00f3n. Quiz\u00e1s Facebook tiene menor uso entre los menores de 25 a\u00f1os pero gracias a los grupos tem\u00e1ticos y sobre todo, su enlace con Instagram (especialmente con el uso de Facebook Ads y la conexi\u00f3n entre una p\u00e1gina de ambas redes), resiste en pr\u00e1cticamente todos los pa\u00edses y rangos de edad.<\/p>\n\n\n\n<p><br>Por supuesto, Twitch o Tik Tok son las redes sociales del momento y aunque parezca dif\u00edcil c\u00f3mo materializarlas en una asociaci\u00f3n, si tu p\u00fablico es principalmente joven, no debes obviarlas. Por su parte, Twitter es imprescindible si apareces con frecuencia en prensa\u00a0o tu principal objetivo es comunicarte con\u00a0instituciones p\u00fablicas. Y si tienes mucho material en formato audiovisual, el lugar ideal es un Canal de YouTube\u00a0<\/p>\n\n\n\n<h2 class=\"wp-block-heading\">Qu\u00e9 M\u00e9tricas de las Redes Sociales son m\u00e1s importantes<\/h2>\n\n\n\n<p>Es necesario controlar las m\u00e9tricas, pero no hay que obsesionarse. El n\u00famero de seguidores no tiene por qu\u00e9 ser la principal m\u00e9trica de la asociaci\u00f3n. De hecho, en la mayor\u00eda de los casos no lo es. Hay que apostar por ser \u00fatil a tu p\u00fablico y eso depender\u00e1 de los objetivos de tu asociaci\u00f3n. Y por supuesto, suele ser m\u00e1s importante el engagement (comentarios, compartidos, respuestas, mensajes directos&#8230;) que el n\u00famero de seguidores<\/p>\n\n\n\n<h2 class=\"wp-block-heading\">Calendario editorial<\/h2>\n\n\n\n<p>Para gestionar Redes Sociales se necesita organizaci\u00f3n. Parece muy sencillo, pero la realidad es que en cualquier momento puede ocurrir una noticia importante, o sencillamente que la persona que lleve las Redes Sociales no est\u00e9 disponible ese d\u00eda. Para evitar problemas, es necesario tener un calendario editorial, en el que previamente se hayan establecido qu\u00e9 se va a publicar, d\u00f3nde y qui\u00e9n lo va a hacer. Tambi\u00e9n es recomendable tener una frecuencia estable. No tiene mucho sentido publicar 4 art\u00edculos en el blog en 1 y estar el resto del a\u00f1o sin dar se\u00f1ales de vida.<br>En definitiva, la comunicaci\u00f3n de tu asociaci\u00f3n es importante pero hay que hacerlo de una forma constante en el tiempo, organizada y sobre todo, que sea \u00fatil tanto para la asociaci\u00f3n, como a la gente que le rodea.<\/p>\n\n\n\n<p>Pr\u00f3ximamente celebraremos un ciclo de webinars en el que ayudaremos a otros miembros de asociaciones a desarrollar proyectos, llevar Redes Sociales y la comunicaci\u00f3n, qu\u00e9&nbsp;es el proyecto Erasmus y otra serie de contenidos. Si te interesa, permanece atento a nuestra web<\/p>","protected":false},"excerpt":{"rendered":"<p>Uno de los retos a los que se enfrenta una asociaci\u00f3n cuando est\u00e1 empezando es darse a conocer. Para ello, uno de los mejores medios son las Redes Sociales. Son una herramienta perfecta especialmente si tu p\u00fablico es de otras ciudades, regiones o pa\u00edses. Por ejemplo, las asociaciones que participan en el proyecto Erasmus, con&hellip;&nbsp;<a href=\"https:\/\/holaextremundo.com\/en\/web-design-trends-for-2020\/\" rel=\"bookmark\">Read More &raquo;<span class=\"screen-reader-text\">C\u00f3mo llevar las Redes Sociales de una asociaci\u00f3n<\/span><\/a><\/p>","protected":false},"author":3,"featured_media":171,"comment_status":"open","ping_status":"open","sticky":false,"template":"","format":"standard","meta":{"neve_meta_sidebar":"","neve_meta_container":"","neve_meta_enable_content_width":"","neve_meta_content_width":0,"neve_meta_title_alignment":"","neve_meta_author_avatar":"","neve_post_elements_order":"","neve_meta_disable_header":"","neve_meta_disable_footer":"","neve_meta_disable_title":"","_vp_format_video_url":"","_vp_image_focal_point":[],"footnotes":""},"categories":[1],"tags":[],"class_list":["post-86","post","type-post","status-publish","format-standard","has-post-thumbnail","hentry","category-uncategorized"],"_links":{"self":[{"href":"https:\/\/holaextremundo.com\/en\/wp-json\/wp\/v2\/posts\/86","targetHints":{"allow":["GET"]}}],"collection":[{"href":"https:\/\/holaextremundo.com\/en\/wp-json\/wp\/v2\/posts"}],"about":[{"href":"https:\/\/holaextremundo.com\/en\/wp-json\/wp\/v2\/types\/post"}],"author":[{"embeddable":true,"href":"https:\/\/holaextremundo.com\/en\/wp-json\/wp\/v2\/users\/3"}],"replies":[{"embeddable":true,"href":"https:\/\/holaextremundo.com\/en\/wp-json\/wp\/v2\/comments?post=86"}],"version-history":[{"count":1,"href":"https:\/\/holaextremundo.com\/en\/wp-json\/wp\/v2\/posts\/86\/revisions"}],"predecessor-version":[{"id":172,"href":"https:\/\/holaextremundo.com\/en\/wp-json\/wp\/v2\/posts\/86\/revisions\/172"}],"wp:featuredmedia":[{"embeddable":true,"href":"https:\/\/holaextremundo.com\/en\/wp-json\/wp\/v2\/media\/171"}],"wp:attachment":[{"href":"https:\/\/holaextremundo.com\/en\/wp-json\/wp\/v2\/media?parent=86"}],"wp:term":[{"taxonomy":"category","embeddable":true,"href":"https:\/\/holaextremundo.com\/en\/wp-json\/wp\/v2\/categories?post=86"},{"taxonomy":"post_tag","embeddable":true,"href":"https:\/\/holaextremundo.com\/en\/wp-json\/wp\/v2\/tags?post=86"}],"curies":[{"name":"wp","href":"https:\/\/api.w.org\/{rel}","templated":true}]}}