{"id":437,"date":"2021-08-03T12:00:16","date_gmt":"2021-08-03T12:00:16","guid":{"rendered":"https:\/\/holaextremundo.com\/?p=437"},"modified":"2021-11-05T07:08:08","modified_gmt":"2021-11-05T07:08:08","slug":"hola-extremadura-hola-mundo","status":"publish","type":"post","link":"https:\/\/holaextremundo.com\/en\/hola-extremadura-hola-mundo\/","title":{"rendered":"\u00a1Hola Extremadura, hola mundo!"},"content":{"rendered":"<p>Hoy es 3 de agosto de 2021, son las 13:40 horas y&#8230; \u00a1Empezamos!<\/p>\n\n\n\n<p>\u00a1Muy buenas tardes! Me llamo Joaqu\u00edn Mart\u00edn de Saavedra Rojas y te doy las gracias si est\u00e1s leyendo esta publicaci\u00f3n en nombre de todos los miembros de la <strong>Asociaci\u00f3n Extremundo<\/strong> como su actual Presidente.<\/p>\n\n\n\n<p>\u00bfQue qu\u00e9 es eso de Extremundo? \u00a1Buena pregunta! Hablamos, m\u00e1s que nada, de una idea. <strong>Una idea de apostar por el valor de una regi\u00f3n y su ciudadan\u00eda<\/strong>. Despu\u00e9s de muchos a\u00f1os form\u00e1ndonos en diversas \u00e1reas profesionales, un grupo de extreme\u00f1os y extreme\u00f1as decidimos sumar fuerzas en pleno 2020 (s\u00ed, no encontramos un mejor momento para hacer lo \u00abimposible\u00bb) para ayudar a poner a Extremadura en el mapa nacional e internacional y ofrecer nuevas y\/o desconocidas oportunidades de crecimiento personal y profesional a su poblaci\u00f3n.<\/p>\n\n\n\n<p>No ha sido f\u00e1cil llegar hasta aqu\u00ed, pero nuestra ilusi\u00f3n fue m\u00e1s fuerte que los obst\u00e1culos ajenos. Somos Extremundo y <strong>hemos venido para quedarnos<\/strong>, \u00bfcontamos contigo?<\/p>\n\n\n\n<p>holaextremundo@gmail.com \/ @holaextremundo \/ +34 650 79 22 79<\/p>","protected":false},"excerpt":{"rendered":"<p>Hoy es 3 de agosto de 2021, son las 13:40 horas y&#8230; \u00a1Empezamos! \u00a1Muy buenas tardes! Me llamo Joaqu\u00edn Mart\u00edn de Saavedra Rojas y te doy las gracias si est\u00e1s leyendo esta publicaci\u00f3n en nombre de todos los miembros de la Asociaci\u00f3n Extremundo como su actual Presidente. \u00bfQue qu\u00e9 es eso de Extremundo? \u00a1Buena pregunta!&hellip;&nbsp;<a href=\"https:\/\/holaextremundo.com\/en\/hola-extremadura-hola-mundo\/\" rel=\"bookmark\">Read More &raquo;<span class=\"screen-reader-text\">\u00a1Hola Extremadura, hola mundo!<\/span><\/a><\/p>","protected":false},"author":2,"featured_media":439,"comment_status":"open","ping_status":"open","sticky":true,"template":"","format":"standard","meta":{"neve_meta_sidebar":"","neve_meta_container":"","neve_meta_enable_content_width":"","neve_meta_content_width":0,"neve_meta_title_alignment":"","neve_meta_author_avatar":"","neve_post_elements_order":"","neve_meta_disable_header":"","neve_meta_disable_footer":"","neve_meta_disable_title":"","_vp_format_video_url":"","_vp_image_focal_point":[],"footnotes":""},"categories":[1],"tags":[15],"class_list":["post-437","post","type-post","status-publish","format-standard","has-post-thumbnail","hentry","category-uncategorized","tag-somosextremundo"],"_links":{"self":[{"href":"https:\/\/holaextremundo.com\/en\/wp-json\/wp\/v2\/posts\/437","targetHints":{"allow":["GET"]}}],"collection":[{"href":"https:\/\/holaextremundo.com\/en\/wp-json\/wp\/v2\/posts"}],"about":[{"href":"https:\/\/holaextremundo.com\/en\/wp-json\/wp\/v2\/types\/post"}],"author":[{"embeddable":true,"href":"https:\/\/holaextremundo.com\/en\/wp-json\/wp\/v2\/users\/2"}],"replies":[{"embeddable":true,"href":"https:\/\/holaextremundo.com\/en\/wp-json\/wp\/v2\/comments?post=437"}],"version-history":[{"count":1,"href":"https:\/\/holaextremundo.com\/en\/wp-json\/wp\/v2\/posts\/437\/revisions"}],"predecessor-version":[{"id":438,"href":"https:\/\/holaextremundo.com\/en\/wp-json\/wp\/v2\/posts\/437\/revisions\/438"}],"wp:featuredmedia":[{"embeddable":true,"href":"https:\/\/holaextremundo.com\/en\/wp-json\/wp\/v2\/media\/439"}],"wp:attachment":[{"href":"https:\/\/holaextremundo.com\/en\/wp-json\/wp\/v2\/media?parent=437"}],"wp:term":[{"taxonomy":"category","embeddable":true,"href":"https:\/\/holaextremundo.com\/en\/wp-json\/wp\/v2\/categories?post=437"},{"taxonomy":"post_tag","embeddable":true,"href":"https:\/\/holaextremundo.com\/en\/wp-json\/wp\/v2\/tags?post=437"}],"curies":[{"name":"wp","href":"https:\/\/api.w.org\/{rel}","templated":true}]}}