{"id":1372,"date":"2024-01-19T20:10:04","date_gmt":"2024-01-19T20:10:04","guid":{"rendered":"https:\/\/holaextremundo.com\/?p=1372"},"modified":"2024-01-25T11:37:30","modified_gmt":"2024-01-25T11:37:30","slug":"capacex-2023","status":"publish","type":"post","link":"https:\/\/holaextremundo.com\/en\/capacex-2023\/","title":{"rendered":"Extremundo finaliza el programa Capacex con gran \u00e9xito"},"content":{"rendered":"<p>El proyecto \u00abCapacex: Embajadores extreme\u00f1os en el a\u00f1o periodo de las capacidades\u00bb finaliza con gran \u00e9xito. Un proyecto que trata de capacitar a la juventud extreme\u00f1a de 14 a\u00f1os y 30 a\u00f1os en que han tenido lugar 11 capacitaciones a lo largo y ancho de toda la regi\u00f3n.<\/p>\n\n\n\n<figure class=\"wp-block-image size-large\"><img fetchpriority=\"high\" decoding=\"async\" width=\"1024\" height=\"768\" src=\"https:\/\/holaextremundo.com\/wp-content\/uploads\/2024\/01\/WhatsApp-Image-2023-12-18-at-13.48.05-1024x768.jpeg\" alt=\"Mariv\u00ed Chaparro capacex\" class=\"wp-image-1374\" srcset=\"https:\/\/holaextremundo.com\/wp-content\/uploads\/2024\/01\/WhatsApp-Image-2023-12-18-at-13.48.05-1024x768.jpeg 1024w, https:\/\/holaextremundo.com\/wp-content\/uploads\/2024\/01\/WhatsApp-Image-2023-12-18-at-13.48.05-300x225.jpeg 300w, https:\/\/holaextremundo.com\/wp-content\/uploads\/2024\/01\/WhatsApp-Image-2023-12-18-at-13.48.05-768x576.jpeg 768w, https:\/\/holaextremundo.com\/wp-content\/uploads\/2024\/01\/WhatsApp-Image-2023-12-18-at-13.48.05-1536x1152.jpeg 1536w, https:\/\/holaextremundo.com\/wp-content\/uploads\/2024\/01\/WhatsApp-Image-2023-12-18-at-13.48.05-16x12.jpeg 16w, https:\/\/holaextremundo.com\/wp-content\/uploads\/2024\/01\/WhatsApp-Image-2023-12-18-at-13.48.05-500x375.jpeg 500w, https:\/\/holaextremundo.com\/wp-content\/uploads\/2024\/01\/WhatsApp-Image-2023-12-18-at-13.48.05-800x600.jpeg 800w, https:\/\/holaextremundo.com\/wp-content\/uploads\/2024\/01\/WhatsApp-Image-2023-12-18-at-13.48.05-1280x960.jpeg 1280w, https:\/\/holaextremundo.com\/wp-content\/uploads\/2024\/01\/WhatsApp-Image-2023-12-18-at-13.48.05.jpeg 1600w\" sizes=\"(max-width: 1024px) 100vw, 1024px\" \/><\/figure>\n\n\n\n<p>\u201cCapacex\u201d ha sido promovido por la ASOCIACI\u00d3N EXTREMUNDO y subvencionado por el Instituto de la Juventud de Extremadura dependiente de la Consejer\u00eda de Igualdad y Cooperaci\u00f3n para el Desarrollo de la Junta de Extremadura , a trav\u00e9s de la l\u00ednea II de subvenciones a entidades prestadoras de servicios a la juventud para el desarrollo de proyectos de \u00e1mbito regional enmarcados en el programa de desarrollo de acciones del VII Plan de Juventud, para el ejercicio 2023.<\/p>\n\n\n\n<p>Gracias a dicha colaboraci\u00f3n se ha hecho posible la realizaci\u00f3n de esta serie de talleres y capacitaciones para la juventud extreme\u00f1a que ha contado con gran aceptaci\u00f3n y con un alto grado de participaci\u00f3n en este a\u00f1o, al igual que sucediera con el proyecto <a href=\"https:\/\/holaextremundo.com\/en\/embajadorxs-extremenxs-2022\/\" data-type=\"page\" data-id=\"1154\">\u00abEmbajadorxs extreme\u00f1xs en el a\u00f1o europeo de la Juventud\u00bb del 2022<\/a>.<\/p>\n\n\n\n<p>Como dec\u00eda nuestra vicepresidenta Mariv\u00ed Chaparro, \u00abEn el a\u00f1o europeo de las capacidades que es este 2023, es bien conocido los retos por los que pasan la juventudes extreme\u00f1as y desde la Asociaci\u00f3n EXTREMUNDO quer\u00edamos dar respuesta a esos retos, de ah\u00ed surge el proyecto Capacex\u00bb.<\/p>\n\n\n\n<p>Las tem\u00e1ticas propuestas en las diferentes sesiones han sido propuestas de manera previa por las personas beneficiarias directas, la juventud extreme\u00f1a, en los diferentes estudios previos, foros de participaci\u00f3n, proyectos previos y agentes sociales de influencia.<\/p>\n\n\n\n<p>Es por ello que los temas tratados han ido el emprendimiento, la inclusi\u00f3n, los objetivos de desarrollo sostenibles, la salud mental, la educaci\u00f3n en ciencias, las competencias digitales, la igualdad, el europe\u00edsmo, el ocio y tiempo libre.<\/p>\n\n\n\n<p>Gracias a las sesiones previas de presentaci\u00f3n del proyecto Capacex de manera presencial y on line pudimos llegar al mayor n\u00famero de j\u00f3venes posibles.<\/p>\n\n\n\n<p><a href=\"https:\/\/youtu.be\/AtWWljqOKj0?si=WhQZ5Pagfq7qyYPG\">https:\/\/youtu.be\/AtWWljqOKj0?si=WhQZ5Pagfq7qyYPG<\/a><\/p>\n\n\n\n<p>C\u00e1ceres, Coria, Malpartida de C\u00e1ceres, Herv\u00e1s, Hoyos, Badajoz, Almendralejo, Zafra y Olivenza han sido los lugares en los que se han desarrollado estas sesiones, algunas de ellas han llegado al centenar de j\u00f3venes en institutos, espacios de creaci\u00f3n joven y centros socioculturales.<\/p>\n\n\n\n<p>Gracias a todxs los j\u00f3venes por vuestra colaboraci\u00f3n, vuestro alta participaci\u00f3n, por vuestras ense\u00f1anzas durante el proyecto y por forjar un futuro mejor.<br>Nos vemos en las siguientes acciones.<\/p>\n\n\n\n<figure class=\"wp-block-image size-full\"><img decoding=\"async\" width=\"760\" height=\"75\" src=\"https:\/\/holaextremundo.com\/wp-content\/uploads\/2024\/01\/image.png\" alt=\"\" class=\"wp-image-1373\" srcset=\"https:\/\/holaextremundo.com\/wp-content\/uploads\/2024\/01\/image.png 760w, https:\/\/holaextremundo.com\/wp-content\/uploads\/2024\/01\/image-300x30.png 300w, https:\/\/holaextremundo.com\/wp-content\/uploads\/2024\/01\/image-18x2.png 18w, https:\/\/holaextremundo.com\/wp-content\/uploads\/2024\/01\/image-500x49.png 500w\" sizes=\"(max-width: 760px) 100vw, 760px\" \/><\/figure>","protected":false},"excerpt":{"rendered":"<p>El proyecto \u00abCapacex: Embajadores extreme\u00f1os en el a\u00f1o periodo de las capacidades\u00bb finaliza con gran \u00e9xito. Un proyecto que trata de capacitar a la juventud extreme\u00f1a de 14 a\u00f1os y 30 a\u00f1os en que han tenido lugar 11 capacitaciones a lo largo y ancho de toda la regi\u00f3n. \u201cCapacex\u201d ha sido promovido por la ASOCIACI\u00d3N&hellip;&nbsp;<a href=\"https:\/\/holaextremundo.com\/en\/capacex-2023\/\" rel=\"bookmark\">Read More &raquo;<span class=\"screen-reader-text\">Extremundo finaliza el programa Capacex con gran \u00e9xito<\/span><\/a><\/p>","protected":false},"author":1,"featured_media":0,"comment_status":"open","ping_status":"open","sticky":false,"template":"","format":"standard","meta":{"neve_meta_sidebar":"","neve_meta_container":"","neve_meta_enable_content_width":"","neve_meta_content_width":0,"neve_meta_title_alignment":"","neve_meta_author_avatar":"","neve_post_elements_order":"","neve_meta_disable_header":"","neve_meta_disable_footer":"","neve_meta_disable_title":"","_vp_format_video_url":"","_vp_image_focal_point":[],"footnotes":""},"categories":[29],"tags":[],"class_list":["post-1372","post","type-post","status-publish","format-standard","hentry","category-proyectos-locales"],"_links":{"self":[{"href":"https:\/\/holaextremundo.com\/en\/wp-json\/wp\/v2\/posts\/1372","targetHints":{"allow":["GET"]}}],"collection":[{"href":"https:\/\/holaextremundo.com\/en\/wp-json\/wp\/v2\/posts"}],"about":[{"href":"https:\/\/holaextremundo.com\/en\/wp-json\/wp\/v2\/types\/post"}],"author":[{"embeddable":true,"href":"https:\/\/holaextremundo.com\/en\/wp-json\/wp\/v2\/users\/1"}],"replies":[{"embeddable":true,"href":"https:\/\/holaextremundo.com\/en\/wp-json\/wp\/v2\/comments?post=1372"}],"version-history":[{"count":4,"href":"https:\/\/holaextremundo.com\/en\/wp-json\/wp\/v2\/posts\/1372\/revisions"}],"predecessor-version":[{"id":1379,"href":"https:\/\/holaextremundo.com\/en\/wp-json\/wp\/v2\/posts\/1372\/revisions\/1379"}],"wp:attachment":[{"href":"https:\/\/holaextremundo.com\/en\/wp-json\/wp\/v2\/media?parent=1372"}],"wp:term":[{"taxonomy":"category","embeddable":true,"href":"https:\/\/holaextremundo.com\/en\/wp-json\/wp\/v2\/categories?post=1372"},{"taxonomy":"post_tag","embeddable":true,"href":"https:\/\/holaextremundo.com\/en\/wp-json\/wp\/v2\/tags?post=1372"}],"curies":[{"name":"wp","href":"https:\/\/api.w.org\/{rel}","templated":true}]}}