{"id":1306,"date":"2023-02-07T13:55:51","date_gmt":"2023-02-07T13:55:51","guid":{"rendered":"https:\/\/holaextremundo.com\/?p=1306"},"modified":"2023-02-07T19:39:30","modified_gmt":"2023-02-07T19:39:30","slug":"semana-ciencia-tecnologia-extremadura-2022","status":"publish","type":"post","link":"https:\/\/holaextremundo.com\/en\/semana-ciencia-tecnologia-extremadura-2022\/","title":{"rendered":"Semana de la Ciencia y la Tecnolog\u00eda de Extremadura 2022"},"content":{"rendered":"<p>La Semana de la Ciencia y la Tecnolog\u00eda de Extremadura 2022 ha contado este a\u00f1o con la participaci\u00f3n de la Asociaci\u00f3n Extremundo, un proyecto local que nos hace especial ilusi\u00f3n<\/p>\n\n\n\n<h2 class=\"wp-block-heading\">Ciencia y tecnolog\u00eda como impacto social<\/h2>\n\n\n\n<p>\u00bfSab\u00edas que la ciencia y la tecnolog\u00eda son dos herramientas muy poderosas para afrontar grandes problemas globales e internacionales como el cambio clim\u00e1tico, la digitalizaci\u00f3n o la sostenibilidad? Nos agrada participar en proyectos que impulsen el valor social de la ciencia y la tecnolog\u00eda, lo que est\u00e1 relacionado con nuestras \u00e1reas de trabajo como la empleabilidad, el emprendimiento y la innovaci\u00f3n o el impacto social<\/p>\n\n\n\n<p>Las actividades en las que hemos participado han consistido en:<\/p>\n\n\n\n<ul class=\"wp-block-list\">\n<li>Taller \u201cMates &amp; ODS\u201d en el Colegio Santo Tom\u00e1s de Aquino (Montijo)<\/li>\n\n\n\n<li>Exposici\u00f3n \u201cMates &amp; ODS\u201d en STEAM Center (Badajoz)<\/li>\n\n\n\n<li>Visita guiada \u201cMates &amp; ODS\u201d en STEAM Center (Badajoz) por alumnos del Colegio Santa Mar\u00eda de Assumpta (Badajoz)<\/li>\n\n\n\n<li>Taller \u201cMates &amp; ODS\u201d en el IES Santa Teresa (Badajoz)<\/li>\n\n\n\n<li>Infograf\u00eda \u201cMates &amp; ODS\u201d<\/li>\n<\/ul>\n\n\n\n<h2 class=\"wp-block-heading\">Actividades para dar a conocer los ODS y su relaci\u00f3n con la ciencia<\/h2>\n\n\n\n<p>Las actividades han sido 2 visitas a Institutos para impartir la charla \u00abMates &amp; ODS\u00bb junto con una exposici\u00f3n del mismo nombre en las que hemos mostrado c\u00f3mo la ciencia b\u00e1sica y matem\u00e1ticas que hay detr\u00e1s de cada ODS. Adem\u00e1s, se muestra la interdisciplinariedad del conocimiento (relaciones entre matem\u00e1ticas con la tecnolog\u00eda, la ciencia, las artes, las humanidades&#8230;) y la vocaci\u00f3n global de la ciencia b\u00e1sica para afrontar los retos globales que se nos presentan.<\/p>\n\n\n\n<p>La actividad tiene un car\u00e1cter interactivo, con preguntas y un juego a los participantes, que junto con la exposici\u00f3n abierta ayudar\u00e1 a que los m\u00e1s j\u00f3venes aprendan qu\u00e9 son los Objetivos de Desarrollo Sostenible y c\u00f3mo las ciencias b\u00e1sicas como las Matem\u00e1ticas pueden ayudar a trabajar en la direcci\u00f3n de los ODS. Adem\u00e1s, se compartir\u00e1 en Redes Sociales para lograr mayor impacto y romper las barreras f\u00edsicas.<\/p>\n\n\n\n<p>Aunque se profundice un poco m\u00e1s en el \u00e1rea matem\u00e1tica, ser\u00e1 importante tambi\u00e9n el prisma de las STEM &amp; STEAM en los contenidos del taller y en definitiva, c\u00f3mo funcionan la ciencia y la tecnolog\u00eda para resolver problemas globales y alinearse con las necesidades sociales, medioambientales y de nuestra econom\u00eda como sociedad en su conjunto.<\/p>\n\n\n\n<h3 class=\"wp-block-heading\"><strong>Gesti\u00f3n de la actividad<\/strong> \u00abMates &amp; ODS\u00bb de la Semana de la Ciencia<\/h3>\n\n\n\n<p>La actividad est\u00e1 impulsada por la Asociaci\u00f3n Extremundo y desarrollada por Javier Mart\u00edn Morientes, profesor, formador y divulgador de ciencia y tecnolog\u00eda, nuestro vocal de Educaci\u00f3n, Empleo y Emprendimiento. Adem\u00e1s, la actividad del Santo Tom\u00e1s de Aquino ha aparecido en el v\u00eddeo oficial del evento<\/p>\n\n\n\n<figure class=\"wp-block-embed is-type-video is-provider-youtube wp-block-embed-youtube wp-embed-aspect-16-9 wp-has-aspect-ratio\"><div class=\"wp-block-embed__wrapper\">\n<div class=\"nv-iframe-embed\"><iframe title=\"VI Semana de la Ciencia y la Tecnolog\u00eda en Extremadura\" width=\"1200\" height=\"675\" src=\"https:\/\/www.youtube.com\/embed\/_McGZxo_0Ko?feature=oembed\" frameborder=\"0\" allow=\"accelerometer; autoplay; clipboard-write; encrypted-media; gyroscope; picture-in-picture; web-share\" allowfullscreen><\/iframe><\/div>\n<\/div><figcaption class=\"wp-element-caption\">V\u00eddeo Oficial de la VI Semana de la Ciencia y la Tecnolog\u00eda en Extremadura<\/figcaption><\/figure>\n\n\n\n<p>Agradecemos a las instituciones que lo han posible como Fundecyt-Pctex, UEX, Consejer\u00eda de Econom\u00eda, Ciencia y Agenda Digital<\/p>","protected":false},"excerpt":{"rendered":"<p>La Semana de la Ciencia y la Tecnolog\u00eda de Extremadura 2022 ha contado este a\u00f1o con la participaci\u00f3n de la Asociaci\u00f3n Extremundo, un proyecto local que nos hace especial ilusi\u00f3n con la actividad de \u00abMates &#038; ODS\u00bb<\/p>","protected":false},"author":3,"featured_media":0,"comment_status":"open","ping_status":"open","sticky":false,"template":"","format":"standard","meta":{"neve_meta_sidebar":"","neve_meta_container":"","neve_meta_enable_content_width":"","neve_meta_content_width":0,"neve_meta_title_alignment":"","neve_meta_author_avatar":"","neve_post_elements_order":"","neve_meta_disable_header":"","neve_meta_disable_footer":"","neve_meta_disable_title":"","_vp_format_video_url":"","_vp_image_focal_point":[],"footnotes":""},"categories":[29],"tags":[31,30],"class_list":["post-1306","post","type-post","status-publish","format-standard","hentry","category-proyectos-locales","tag-extremadura","tag-semana-de-la-ciencia"],"_links":{"self":[{"href":"https:\/\/holaextremundo.com\/en\/wp-json\/wp\/v2\/posts\/1306","targetHints":{"allow":["GET"]}}],"collection":[{"href":"https:\/\/holaextremundo.com\/en\/wp-json\/wp\/v2\/posts"}],"about":[{"href":"https:\/\/holaextremundo.com\/en\/wp-json\/wp\/v2\/types\/post"}],"author":[{"embeddable":true,"href":"https:\/\/holaextremundo.com\/en\/wp-json\/wp\/v2\/users\/3"}],"replies":[{"embeddable":true,"href":"https:\/\/holaextremundo.com\/en\/wp-json\/wp\/v2\/comments?post=1306"}],"version-history":[{"count":2,"href":"https:\/\/holaextremundo.com\/en\/wp-json\/wp\/v2\/posts\/1306\/revisions"}],"predecessor-version":[{"id":1309,"href":"https:\/\/holaextremundo.com\/en\/wp-json\/wp\/v2\/posts\/1306\/revisions\/1309"}],"wp:attachment":[{"href":"https:\/\/holaextremundo.com\/en\/wp-json\/wp\/v2\/media?parent=1306"}],"wp:term":[{"taxonomy":"category","embeddable":true,"href":"https:\/\/holaextremundo.com\/en\/wp-json\/wp\/v2\/categories?post=1306"},{"taxonomy":"post_tag","embeddable":true,"href":"https:\/\/holaextremundo.com\/en\/wp-json\/wp\/v2\/tags?post=1306"}],"curies":[{"name":"wp","href":"https:\/\/api.w.org\/{rel}","templated":true}]}}